{"id":493,"date":"2013-05-10T17:20:51","date_gmt":"2013-05-10T15:20:51","guid":{"rendered":"http:\/\/vaticanfiles.org\/?p=493"},"modified":"2013-06-27T17:23:01","modified_gmt":"2013-06-27T15:23:01","slug":"58-francisco-venera-a-la-madona","status":"publish","type":"post","link":"https:\/\/vaticanfiles.org\/en\/2013\/05\/58-francisco-venera-a-la-madona\/","title":{"rendered":"58. Francisco venera a la Madona"},"content":{"rendered":"<blockquote><p>\u00a0El Papa Francisco y la re-marianizaci\u00f3n del Papado<\/p><\/blockquote>\n<p>El Papa Francisco ha destacado el hecho de que quiere enfatizar su papel como obispo de Roma y ha empezado por dar a este \u00e9nfasis un sabor mariano distintivo. 20 DE MAYO DE 2013 Que el Papa Francisco siente una intensa devoci\u00f3n mariana qued\u00f3 inmediatamente claro despu\u00e9s de su elecci\u00f3n. En su primer discurso como Papa se encomend\u00f3 \u00e9l mismo y el mundo a Mar\u00eda. Al d\u00eda siguiente su primera visita fuera de los muros del Vaticano fue a la bas\u00edlica de Santa Mar\u00eda la Mayor, donde rez\u00f3 a Mar\u00eda. En sus homil\u00edas ha difundido a veces su piedad mariana. Ahora que el mes lit\u00fargico mariano (mayo) ha empezado, el Papa ha expresado a\u00fan m\u00e1s su devoci\u00f3n. El d\u00eda 3 de Mayo dirigi\u00f3 el rosario en la misma bas\u00edlica mariana que visit\u00f3 despu\u00e9s de ser elegido y pronunci\u00f3 un discurso p\u00fablico a la gente que se hab\u00eda reunido all\u00ed.<\/p>\n<p>MAR\u00cdA, LA SALVACI\u00d3N DE ROMA<\/p>\n<p>Esta especial bas\u00edlica es conocida por acoger y mostrar el icono de Mar\u00eda al que se le llama Salus Populi Romani (es decir, la salvaci\u00f3n del pueblo romano). Este es un t\u00edtulo mariano que subraya que ella es la protectora del pueblo romano. Delante del icono, el Papa Francisco coment\u00f3: \u201cEstamos todos aqu\u00ed delante de Mar\u00eda; oramos para que nos gu\u00ede maternalmente; le llevamos nuestros gozos y tristezas, nuestras esperanzas y dificultades; la invocamos con el t\u00edtulo Salus Populi Romani para pedir para nosotros, para Roma y para el mundo el don de la salud. S\u00ed, ella da salud, ella es nuestra salud\u201d. Al exponer su ense\u00f1anza, Francisco pas\u00f3 a hablar sobre las maneras en las que Mar\u00eda es nuestra salud en todos los aspectos: Nos ayuda a crecer como hombres y mujeres, exactamente como una madre cuida a sus hijos. Nos ayuda a hacer frente a nuestras dificultades, como una madre camina junto a sus hijos; por \u00faltimo nos ayuda a tomar las decisiones correctas en la vida, justo como una madre desea que sus hijos vivan responsablemente. Fuera de la piedad cat\u00f3lico romana, es dif\u00edcil comprender este profundo lenguaje \u201cmaternal\u201d de devoci\u00f3n a Mar\u00eda y concordarlo con una fe centrada en Cristo y basada en la Biblia que inequ\u00edvocamente apunta a Jesucristo como el \u00fanico Mediador entre Dios y el hombre. B\u00edblicamente, estas funciones se refieren a los oficios cristol\u00f3gicos de Jes\u00fas como Sacerdote y Rey. Sin embargo, el catolicismo romano los atribuye a Mar\u00eda como una extensi\u00f3n del papel de Cristo como mediador. A causa de su sinergismo la fe cat\u00f3lico romana permite, de hecho exige, tal veneraci\u00f3n a Mar\u00eda que tiene dimensiones teol\u00f3gicas, espirituales y emocionales. Mar\u00eda es considerada como la protectora de la vida.<\/p>\n<p>MARIANISMOS PAPALES<\/p>\n<p>Al concluir su discurso, el Papa Francisco se dirigi\u00f3 a la multitud diciendo: \u201cGracias a todos por vuestra presencia aqu\u00ed en la casa de la madre de Roma, nuestra Madre. Hurra a la Salus Populi Romani . Hurra a la Madona. Ella es nuestra Madre. Encomend\u00e9monos a ella porque nos cuida igual que lo har\u00eda una buena madre\u201d. Esta vez el lenguaje devocional coincid\u00eda con el de los entusiastas del deporte: \u00a1Hurra!, \u00a1hurra! La magnitud del papel maternal de Mar\u00eda agit\u00f3 el coraz\u00f3n y el alma de muchas de las personas congregadas all\u00ed. El Papa Francisco ha destacado el hecho de que quiere enfatizar su papel como obispo de Roma y ha empezado por dar a este \u00e9nfasis un sabor mariano distintivo. Ahora podemos empezar a ver la trayectoria del presente pontificado en lo que se refiere a su marianismo. El \u00faltimo papa en compartir tan alta opini\u00f3n de Mar\u00eda fue Juan Pablo II. Su lema era \u201ctotus tuus\u201d (o sea, totalmente tuyo), y su veneraci\u00f3n a los iconos de Mar\u00eda y su pr\u00e1ctica de las devociones marianas fueron muy evidentes. A Benedicto XVI se le consider\u00f3 un Papa menos mariano, aunque rezaba a Mar\u00eda a diario y ha incluido muchos elementos marianos en todas sus obras. Despu\u00e9s de un peque\u00f1o descanso, Mar\u00eda es otra vez una figura prominente con el Papa Francisco. Su pontificado parece estar conformado de manera significativa por la teolog\u00eda y la veneraci\u00f3n marianas.<\/p>\n<p>&nbsp;<\/p>\n<div style=\"padding-bottom:20px; padding-top:10px;\" class=\"hupso-share-buttons\"><!-- Hupso Share Buttons - https:\/\/www.hupso.com\/share\/ --><a class=\"hupso_toolbar\" href=\"https:\/\/www.hupso.com\/share\/\"><img src=\"https:\/\/static.hupso.com\/share\/buttons\/dot.png\" style=\"border:0px; padding-top: 5px; float:left;\" alt=\"Share Button\"\/><\/a><script type=\"text\/javascript\">var hupso_services_t=new Array(\"Twitter\",\"Facebook\",\"Google Plus\",\"Pinterest\",\"Linkedin\",\"Email\",\"Print\");var hupso_background_t=\"#EAF4FF\";var hupso_border_t=\"#66CCFF\";var hupso_toolbar_size_t=\"medium\";var hupso_image_folder_url = \"\";var hupso_url_t=\"\";var hupso_title_t=\"58.%20Francisco%20venera%20a%20la%20Madona\";<\/script><script type=\"text\/javascript\" src=\"https:\/\/static.hupso.com\/share\/js\/share_toolbar.js\"><\/script><!-- Hupso Share Buttons --><\/div>","protected":false},"excerpt":{"rendered":"<p>\u00a0El Papa Francisco y la re-marianizaci\u00f3n del Papado El Papa Francisco ha destacado el hecho de que quiere enfatizar su papel como obispo de Roma y ha empezado por dar a este \u00e9nfasis un sabor mariano distintivo. 20 DE MAYO DE 2013 Que el Papa Francisco siente una intensa devoci\u00f3n mariana qued\u00f3 inmediatamente claro despu\u00e9s &hellip; <\/p>\n<p class=\"link-more\"><a href=\"https:\/\/vaticanfiles.org\/en\/2013\/05\/58-francisco-venera-a-la-madona\/\" class=\"more-link\">Continue reading<span class=\"screen-reader-text\"> &#8220;58. Francisco venera a la Madona&#8221;<\/span><\/a><\/p>\n","protected":false},"author":2,"featured_media":0,"comment_status":"closed","ping_status":"closed","sticky":false,"template":"","format":"standard","meta":[],"categories":[1],"tags":[],"_links":{"self":[{"href":"https:\/\/vaticanfiles.org\/en\/wp-json\/wp\/v2\/posts\/493"}],"collection":[{"href":"https:\/\/vaticanfiles.org\/en\/wp-json\/wp\/v2\/posts"}],"about":[{"href":"https:\/\/vaticanfiles.org\/en\/wp-json\/wp\/v2\/types\/post"}],"author":[{"embeddable":true,"href":"https:\/\/vaticanfiles.org\/en\/wp-json\/wp\/v2\/users\/2"}],"replies":[{"embeddable":true,"href":"https:\/\/vaticanfiles.org\/en\/wp-json\/wp\/v2\/comments?post=493"}],"version-history":[{"count":1,"href":"https:\/\/vaticanfiles.org\/en\/wp-json\/wp\/v2\/posts\/493\/revisions"}],"predecessor-version":[{"id":494,"href":"https:\/\/vaticanfiles.org\/en\/wp-json\/wp\/v2\/posts\/493\/revisions\/494"}],"wp:attachment":[{"href":"https:\/\/vaticanfiles.org\/en\/wp-json\/wp\/v2\/media?parent=493"}],"wp:term":[{"taxonomy":"category","embeddable":true,"href":"https:\/\/vaticanfiles.org\/en\/wp-json\/wp\/v2\/categories?post=493"},{"taxonomy":"post_tag","embeddable":true,"href":"https:\/\/vaticanfiles.org\/en\/wp-json\/wp\/v2\/tags?post=493"}],"curies":[{"name":"wp","href":"https:\/\/api.w.org\/{rel}","templated":true}]}}