{"id":502,"date":"2004-02-27T09:30:10","date_gmt":"2004-02-27T08:30:10","guid":{"rendered":"http:\/\/vaticanfiles.org\/?p=502"},"modified":"2013-07-02T22:27:46","modified_gmt":"2013-07-02T20:27:46","slug":"evangelici-e-cattolicesimo-post-conciliare-unintervista-a-leonardo-de-chirico","status":"publish","type":"post","link":"https:\/\/vaticanfiles.org\/fr\/2004\/02\/evangelici-e-cattolicesimo-post-conciliare-unintervista-a-leonardo-de-chirico\/","title":{"rendered":"Evangelici e cattolicesimo post-conciliare. Un&#8217;intervista a Leonardo De Chirico"},"content":{"rendered":"<p style=\"text-align: left;\" align=\"center\">(pubblicata su <i>Riforma<\/i>, 27\/2\/2004)<\/p>\n<p>L\u2019editore Peter Lang di Berna ha pubblicato di recente il volume di Leonardo De Chirico <i>Evangelical Theological Perspectives on post-Vatican II Roman Catholicism<\/i> (<i>Prospettive della teologia evangelica sul cattolicesimo romano dopo il Concilio Valticano II<\/i>).* Il saggio \u00e8 frutto di ricerche compiute dall\u2019autore in vista del dottorato di ricerca conseguito nel 2003 presso il King\u2019s College di Londra.<\/p>\n<p>A Leonardo De Chirico, professore dell\u2019Istituto di formazione evangelica e documentazione di Padova e direttore della rivista Studi di teologia, abbiamo rivolto alcune domande riguardanti il suo libro.<\/p>\n<p><i>Il cattolicesimo postconciliare \u00e8 un oggetto di studio particolarmente complesso. Quali sono le principali fonti della sua ricerca e quale approccio ha applicato al loro esame?<\/i><\/p>\n<p>Ho studiato gli scritti sul cattolicesimo di alcuni teologi evangelicali che hanno riflettuto sul Vaticano II, tra cui Gerrit Berkouwer, Cornelius Van Til e John Stott. Poi ho preso in esame alcuni dialoghi recenti tra cattolici ed evangelici nel mondo. In generale, assistiamo a una sorta di disorientamento evangelico di fronte a un cattolicesimo che sfugge agli stereotipi della controversia secolare. Sembra che le vecchie categorie non siano pi\u00f9 adeguate a comprenderlo e che le pressioni verso la ricerca di convergenze a tutti i costi siano fortissime. Per affrontarlo teologicamente, non si deve rispolverare un atteggiamento polemico gratuito, ma occorre pensare il cattolicesimo in termini sistemici.<\/p>\n<p><i>In che cosa consiste la particolarit\u00e0 dell\u2019approccio sistemico<\/i>?<\/p>\n<p>Il cattolicesimo \u00e8 una realt\u00e0 complessa, per certi versi sfuggente. Eppure, c\u2019\u00e8 un collante teologico che lo tiene insieme e gli d\u00e0 slancio. Se ci si limita a farne la fenomenologia, si rimane frastornati dalla sua variet\u00e0 e l\u2019analisi che ne segue \u00e8 frammentaria. Bisogna capirne le strutture teologiche che permettono l\u2019integrazione del tutto e che sostengono il progetto della cattolicit\u00e0. Altrimenti, non si capir\u00e0 come fanno a stare insieme il Cardinal Martini e Padre Pio e nemmeno si riuscir\u00e0 a fare i conti con il protagonismo della chiesa di Roma sulla scena mondiale. In questo senso, mi sembra che si debba tornare a studiare il motivo natura-grazia che regge la visione cattolica del mondo e su cui s\u2019innesta la comprensione che la chiesa di Roma ha di s\u00e9 stessa e della sua missione.<\/p>\n<p><em>Il suo interesse per il cattolicesimo \u00e8 un fatto isolato in quell\u2019ala del protestantesimo che spesso \u00e8 definita come \u00abevangelicale\u00bb?<\/em><\/p>\n<p>L\u2019Alleanza Evangelica Italiana \u00e8 da tempo sensibile al tema e ha avuto un ruolo di primo piano nella redazione del Documento di Singapore (1986) che delinea delle prospettive evangeliche sul cattolicesimo. Pi\u00f9 recentemente, un altro documento dell\u2019AEI (1999) ha fatto il punto della situazione. Questo \u00e8 il mio filone di riferimento. Del resto, il cattolicesimo \u00e8 una questione aperta per tutti i protestanti e penso che il mio approccio possa essere utile per ripensare certi assunti ecumenicamente corretti, ma teologicamente discutibili.<\/p>\n<p><i>\u00a0<\/i><i>Lei cita spesso gli scritti di Vittorio Subilia. Come valuterebbe la riflessione di Subilia sul cattolicesimo?<\/i><\/p>\n<p>Subilia ha indicato delle piste lungimiranti sul nesso cattolico tra cristologia ed ecclesiologia e sulle dinamiche assorbenti della cattolicit\u00e0 romana, anche se l\u2019impianto teologico della sua ricerca non \u00e8 pienamente soddisfacente. Tuttavia, \u00e8 un vero peccato che la sua analisi sia andata gradualmente nel dimenticatoio per essere sostituita dalle tesi dell\u2019ecumenismo corrente.<\/p>\n<p><i>\u00a0<\/i><i>Il suo saggio \u00e8 stato pubblicato in inglese. Prevede anche la sua traduzione in italiano?<\/i><\/p>\n<p>E\u2019 dagli anni Sessanta che l\u2019editoria evangelica italiana non pubblica uno studio organico sul cattolicesimo. Anche questo \u00e8 un segno dei tempi. Non sono tanto interessato alla traduzione di quest\u2019opera, quanto a promuovere un\u2019analisi evangelica che faccia i conti con il sistema teologico del cattolicesimo, col progetto avvolgente della cattolicit\u00e0 e le sfide che comporta. Non credo a un protestantesimo che sia l\u2019ala evangelica di una cristianit\u00e0 cattolicizzata.<\/p>\n<p>&nbsp;<\/p>\n<p>&nbsp;<\/p>\n<p>&nbsp;<\/p>\n<div style=\"padding-bottom:20px; padding-top:10px;\" class=\"hupso-share-buttons\"><!-- Hupso Share Buttons - https:\/\/www.hupso.com\/share\/ --><a class=\"hupso_toolbar\" href=\"https:\/\/www.hupso.com\/share\/\"><img src=\"https:\/\/static.hupso.com\/share\/buttons\/dot.png\" style=\"border:0px; padding-top: 5px; float:left;\" alt=\"Share Button\"\/><\/a><script type=\"text\/javascript\">var hupso_services_t=new Array(\"Twitter\",\"Facebook\",\"Google Plus\",\"Pinterest\",\"Linkedin\",\"Email\",\"Print\");var hupso_background_t=\"#EAF4FF\";var hupso_border_t=\"#66CCFF\";var hupso_toolbar_size_t=\"medium\";var hupso_image_folder_url = \"\";var hupso_url_t=\"\";var hupso_title_t=\"Evangelici%20e%20cattolicesimo%20post-conciliare.%20Un%27intervista%20a%20Leonardo%20De%20Chirico\";<\/script><script type=\"text\/javascript\" src=\"https:\/\/static.hupso.com\/share\/js\/share_toolbar.js\"><\/script><!-- Hupso Share Buttons --><\/div>","protected":false},"excerpt":{"rendered":"<p>(pubblicata su Riforma, 27\/2\/2004) L\u2019editore Peter Lang di Berna ha pubblicato di recente il volume di Leonardo De Chirico Evangelical Theological Perspectives on post-Vatican II Roman Catholicism (Prospettive della teologia evangelica sul cattolicesimo romano dopo il Concilio Valticano II).* Il saggio \u00e8 frutto di ricerche compiute dall\u2019autore in vista del dottorato di ricerca conseguito nel &hellip; <\/p>\n<p class=\"link-more\"><a href=\"https:\/\/vaticanfiles.org\/fr\/2004\/02\/evangelici-e-cattolicesimo-post-conciliare-unintervista-a-leonardo-de-chirico\/\" class=\"more-link\">Continue reading<span class=\"screen-reader-text\"> &#8220;Evangelici e cattolicesimo post-conciliare. Un&#8217;intervista a Leonardo De Chirico&#8221;<\/span><\/a><\/p>\n","protected":false},"author":2,"featured_media":0,"comment_status":"closed","ping_status":"closed","sticky":false,"template":"","format":"standard","meta":[],"categories":[9],"tags":[],"_links":{"self":[{"href":"https:\/\/vaticanfiles.org\/fr\/wp-json\/wp\/v2\/posts\/502"}],"collection":[{"href":"https:\/\/vaticanfiles.org\/fr\/wp-json\/wp\/v2\/posts"}],"about":[{"href":"https:\/\/vaticanfiles.org\/fr\/wp-json\/wp\/v2\/types\/post"}],"author":[{"embeddable":true,"href":"https:\/\/vaticanfiles.org\/fr\/wp-json\/wp\/v2\/users\/2"}],"replies":[{"embeddable":true,"href":"https:\/\/vaticanfiles.org\/fr\/wp-json\/wp\/v2\/comments?post=502"}],"version-history":[{"count":2,"href":"https:\/\/vaticanfiles.org\/fr\/wp-json\/wp\/v2\/posts\/502\/revisions"}],"predecessor-version":[{"id":596,"href":"https:\/\/vaticanfiles.org\/fr\/wp-json\/wp\/v2\/posts\/502\/revisions\/596"}],"wp:attachment":[{"href":"https:\/\/vaticanfiles.org\/fr\/wp-json\/wp\/v2\/media?parent=502"}],"wp:term":[{"taxonomy":"category","embeddable":true,"href":"https:\/\/vaticanfiles.org\/fr\/wp-json\/wp\/v2\/categories?post=502"},{"taxonomy":"post_tag","embeddable":true,"href":"https:\/\/vaticanfiles.org\/fr\/wp-json\/wp\/v2\/tags?post=502"}],"curies":[{"name":"wp","href":"https:\/\/api.w.org\/{rel}","templated":true}]}}